{"id":9660,"date":"2021-12-03T10:19:28","date_gmt":"2021-12-03T10:19:28","guid":{"rendered":"https:\/\/www.inventec.dehon.com\/venga-a-conocer-a-nuestro-equipo-en-el-stand-3a21-de-la-elexcon-shenzhen-china\/"},"modified":"2022-02-10T16:58:38","modified_gmt":"2022-02-10T16:58:38","slug":"venga-a-conocer-a-nuestro-equipo-en-el-stand-3a21-de-la-elexcon-shenzhen-china","status":"publish","type":"post","link":"https:\/\/www.inventec.dehon.com\/es\/venga-a-conocer-a-nuestro-equipo-en-el-stand-3a21-de-la-elexcon-shenzhen-china\/","title":{"rendered":"Venga a conocer a nuestro equipo en el stand 3A21 de la Elexcon, Shenzhen, China"},"content":{"rendered":"<h3 style=\"text-align: left;\">El equipo de Inventec estar\u00e1 presente para la<\/h3>\n<h3 style=\"text-align: left;\"><a href=\"https:\/\/www.elexcon.com\/\" target=\"_blank\" rel=\"noopener\"><strong>exposici\u00f3n ELEXCON, China<\/strong><\/a>: un acontecimiento importante para la industria electr\u00f3nica.<\/h3>\n<h6 style=\"text-align: left;\"><a href=\"https:\/\/inventec.dehon.com\/wp-content\/uploads\/2021\/09\/MEET-US-AT-ELEXCON-.gif\" rel=\"inv-colorbox\" title=\"Venga a conocer a nuestro equipo en el stand 3A21 de la Elexcon, Shenzhen, China\"><img decoding=\"async\" class=\"alignleft size-medium wp-image-4407\" src=\"https:\/\/inventec.dehon.com\/wp-content\/uploads\/2021\/09\/MEET-US-AT-ELEXCON--300x169.gif\" alt=\"\" width=\"300\" height=\"169\" srcset=\"https:\/\/www.inventec.dehon.com\/wp-content\/uploads\/2021\/09\/MEET-US-AT-ELEXCON--300x169.gif 300w, https:\/\/www.inventec.dehon.com\/wp-content\/uploads\/2021\/09\/MEET-US-AT-ELEXCON--1024x576.gif 1024w, https:\/\/www.inventec.dehon.com\/wp-content\/uploads\/2021\/09\/MEET-US-AT-ELEXCON--768x432.gif 768w, https:\/\/www.inventec.dehon.com\/wp-content\/uploads\/2021\/09\/MEET-US-AT-ELEXCON--600x338.gif 600w\" sizes=\"(max-width: 300px) 100vw, 300px\" \/><\/a>Venga a vernos al <strong>stand 3A21<\/strong> del <strong>27 al 29 de septiembre,<\/strong> en el <strong>Centro de Convenciones de Shenzhen (China)<\/strong>.<\/h6>\n<h6>Inventec\u6b27\u7eb7\u6cf0\u56e2\u961f\u5c06\u51fa\u5e2dELEXCON\u5c55\u4f1a\uff0c\u8fd9\u662f\u4e00\u573a\u7535\u5b50\u884c\u4e1a\u7684\u91cd\u5927\u6d3b\u52a8\u3002 \u00a1\u8bda\u9080\u60a8\u4e8e9\u670827\u65e5\u81f329\u65e5\u5728\u4e2d\u56fd\u6df1\u5733\u4f1a\u8bae\u4e2d\u5fc33A21\u5c55\u4f4d\u4e0e\u6211\u4eec\u89c1\u9762!<\/h6>\n<div><\/div>\n<div> Centro de Convenciones de Shenzhen, China &#8211;  del 27 al 29 de septiembre<\/div>\n<div>\n<p>&nbsp;<\/p>\n<\/div>\n","protected":false},"excerpt":{"rendered":"<p>El equipo de Inventec estar\u00e1 presente para la exposici\u00f3n ELEXCON, China: un acontecimiento importante para la industria electr\u00f3nica. Venga a vernos al stand 3A21 del 27 al 29 de septiembre, en el Centro de Convenciones de Shenzhen (China). Inventec\u6b27\u7eb7\u6cf0\u56e2\u961f\u5c06\u51fa\u5e2dELEXCON\u5c55\u4f1a\uff0c\u8fd9\u662f\u4e00\u573a\u7535\u5b50\u884c\u4e1a\u7684\u91cd\u5927\u6d3b\u52a8\u3002 \u00a1\u8bda\u9080\u60a8\u4e8e9\u670827\u65e5\u81f329\u65e5\u5728\u4e2d\u56fd\u6df1\u5733\u4f1a\u8bae\u4e2d\u5fc33A21\u5c55\u4f4d\u4e0e\u6211\u4eec\u89c1\u9762! Centro de Convenciones de Shenzhen, China &#8211; del 27 al 29 de septiembre &nbsp;<\/p>\n","protected":false},"author":2,"featured_media":4411,"comment_status":"closed","ping_status":"closed","sticky":false,"template":"","format":"standard","meta":{"_acf_changed":false,"inline_featured_image":false,"footnotes":""},"categories":[438],"tags":[],"class_list":["post-9660","post","type-post","status-publish","format-standard","has-post-thumbnail","hentry","category-eventos"],"acf":[],"_links":{"self":[{"href":"https:\/\/www.inventec.dehon.com\/es\/wp-json\/wp\/v2\/posts\/9660","targetHints":{"allow":["GET"]}}],"collection":[{"href":"https:\/\/www.inventec.dehon.com\/es\/wp-json\/wp\/v2\/posts"}],"about":[{"href":"https:\/\/www.inventec.dehon.com\/es\/wp-json\/wp\/v2\/types\/post"}],"author":[{"embeddable":true,"href":"https:\/\/www.inventec.dehon.com\/es\/wp-json\/wp\/v2\/users\/2"}],"replies":[{"embeddable":true,"href":"https:\/\/www.inventec.dehon.com\/es\/wp-json\/wp\/v2\/comments?post=9660"}],"version-history":[{"count":0,"href":"https:\/\/www.inventec.dehon.com\/es\/wp-json\/wp\/v2\/posts\/9660\/revisions"}],"wp:featuredmedia":[{"embeddable":true,"href":"https:\/\/www.inventec.dehon.com\/es\/wp-json\/wp\/v2\/media\/4411"}],"wp:attachment":[{"href":"https:\/\/www.inventec.dehon.com\/es\/wp-json\/wp\/v2\/media?parent=9660"}],"wp:term":[{"taxonomy":"category","embeddable":true,"href":"https:\/\/www.inventec.dehon.com\/es\/wp-json\/wp\/v2\/categories?post=9660"},{"taxonomy":"post_tag","embeddable":true,"href":"https:\/\/www.inventec.dehon.com\/es\/wp-json\/wp\/v2\/tags?post=9660"}],"curies":[{"name":"wp","href":"https:\/\/api.w.org\/{rel}","templated":true}]}}